{"id":3627,"date":"2025-11-12T15:51:25","date_gmt":"2025-11-12T15:51:25","guid":{"rendered":"https:\/\/server5.keti-test.it\/Verdeprofilo\/verde-profilo-lazienda-italiana-che-porta-il-verde-nel-futuro-degli-spazi\/"},"modified":"2026-01-19T14:32:39","modified_gmt":"2026-01-19T14:32:39","slug":"verde-profilo-lazienda-italiana-che-porta-il-verde-nel-futuro-degli-spazi","status":"publish","type":"post","link":"https:\/\/server5.keti-test.it\/Verdeprofilo\/verde-profilo-lazienda-italiana-che-porta-il-verde-nel-futuro-degli-spazi\/","title":{"rendered":"Verde Profilo\u00ae: l\u2019azienda italiana che porta il verde nel futuro degli spazi"},"content":{"rendered":"<p>Nel panorama del <strong>design contemporaneo<\/strong>, il concetto di <strong>spazio<\/strong> \u00e8 in continua <strong>evoluzione<\/strong>. <strong>Architetti e progettisti<\/strong> cercano oggi soluzioni che uniscono <strong>funzionalit\u00e0<\/strong>, <strong>estetica<\/strong> e <strong>sostenibilit\u00e0<\/strong>, portando la natura a dialogare con l\u2019architettura. \u00c8 in questo contesto che nasce e si afferma <strong>Verde Profilo\u00ae<\/strong>, un\u2019eccellenza <strong>tutta italiana<\/strong> che da oltre <strong>quindici anni<\/strong> sviluppa <strong>soluzioni creative<\/strong> per integrare il <strong>verde<\/strong> negli ambienti, ridefinendo il modo in cui viviamo gli spazi indoor e outdoor.<\/p>\n<p>Con una visione che guarda al futuro e un profondo legame con la materia naturale, <strong>Verde Profilo\u00ae<\/strong> trasforma il verde in <strong>elemento architettonico<\/strong>, capace di generare benessere, identit\u00e0 e valore in ogni progetto.<\/p>\n<h2>Design e innovazione: il verde come linguaggio progettuale<\/h2>\n<p>Dalla prima idea alla realizzazione di sistemi brevettati e riconosciuti a livello <strong>internazionale<\/strong>, <strong>Verde Profilo\u00ae<\/strong> ha saputo coniugare <strong>ricerca, artigianalit\u00e0 e tecnologia<\/strong> in soluzioni che uniscono <strong>design e natura<\/strong>. Ogni prodotto nasce dall\u2019incontro tra <strong>materiali naturali<\/strong>, cura del dettaglio e un approccio tecnico preciso, pensato per rispondere alle esigenze di <strong>architetti, costruttori e interior designer.<\/strong><\/p>\n<p>Tra le innovazioni pi\u00f9 iconiche sviluppate dall\u2019azienda spiccano:<\/p>\n<ul>\n<li><span style=\"color: #000000;\"><a style=\"color: #000000;\" href=\"https:\/\/verdeprofilo.com\/mosswall\/\"><strong>MOSSwall\u00ae<\/strong><\/a>, il sistema brevettato di pareti in <strong>verde stabilizzato<\/strong>, che consente di decorare e migliorare l\u2019acustica degli ambienti senza manutenzione.<\/span><\/li>\n<li><span style=\"color: #000000;\"><a style=\"color: #000000;\" href=\"https:\/\/verdeprofilo.com\/giardini-verticali\/vp-modulo\/\"><strong>VP-Modulo\u00ae<\/strong><\/a>, il sistema modulare per la realizzazione di <strong>giardini verticali<\/strong> in grado di adattarsi a qualsiasi contesto architettonico.<\/span><\/li>\n<li><span style=\"color: #000000;\"><a style=\"color: #000000;\" href=\"https:\/\/verdeprofilo.com\/mosswall\/mosswall-acoustic\/\"><strong>MOSSwall\u00ae Acoustic<\/strong><\/a>, che unisce design, comfort acustico e materiali naturali in un\u2019unica soluzione performante.<\/span><\/li>\n<\/ul>\n<p>Ogni proposta <strong>Verde Profilo\u00ae<\/strong> \u00e8 il risultato di un <strong>pensiero progettuale evoluto<\/strong>, dove il <strong>verde<\/strong> non \u00e8 un elemento decorativo ma una <strong>componente funzionale e identitaria<\/strong> dello spazio.<\/p>\n<h2>Soluzioni creative per spazi che ispirano benessere<\/h2>\n<p>Il valore aggiunto di <strong>Verde Profilo\u00ae<\/strong> risiede nella capacit\u00e0 di tradurre le esigenze di ogni progetto in soluzioni su misura. Che si tratti di un\u2019abitazione privata, di un ufficio o di uno spazio commerciale, l\u2019azienda offre sistemi personalizzabili per creare ambienti accoglienti, rigeneranti e dall\u2019impatto visivo unico.<\/p>\n<p>Le soluzioni creative di Verde Profilo\u00ae si distinguono per:<\/p>\n<ul>\n<li><strong>Versatilit\u00e0<\/strong>, grazie a configurazioni adattabili a pareti, soffitti e installazioni sospese;<\/li>\n<li><strong>Sostenibilit\u00e0<\/strong>, con materiali naturali e processi produttivi rispettosi dell\u2019ambiente;<\/li>\n<li><strong>Estetica contemporanea<\/strong>, capace di integrarsi armoniosamente in contesti di design e architettura moderna.<\/li>\n<\/ul>\n<p>L\u2019attenzione alla qualit\u00e0, la ricerca di texture e tonalit\u00e0 raffinate e l\u2019approccio sartoriale rendono ogni intervento <strong>Verde Profilo\u00ae<\/strong> un\u2019opera che coniuga funzionalit\u00e0 e bellezza.<\/p>\n<h2>Il verde come futuro del design sostenibile<\/h2>\n<p>In un mondo che guarda con crescente consapevolezza alla <strong>sostenibilit\u00e0<\/strong>, <strong>Verde Profilo\u00ae<\/strong> si fa portavoce di un nuovo modo di progettare, dove la <strong>natura diventa protagonista<\/strong> degli <strong>spazi urbani e domestici.<\/strong><\/p>\n<p>I prodotti dell\u2019azienda contribuiscono concretamente all\u2019ottenimento delle certificazioni ambientali pi\u00f9 prestigiose, come <strong>LEED\u00ae<\/strong>, <strong>WELL\u00ae<\/strong> e <strong>CAM<\/strong>, valorizzando edifici orientati al risparmio energetico, alla salubrit\u00e0 e al comfort abitativo.<\/p>\n<p>Le soluzioni sviluppate da <strong>Verde Profilo\u00ae<\/strong> non solo riducono l\u2019impatto ambientale, ma migliorano la <strong>qualit\u00e0 della vita<\/strong> delle persone, creando spazi che favoriscono <strong>concentrazione, relax e benessere psicofisico.<\/strong><\/p>\n<h2>Verde Profilo\u00ae: un\u2019eccellenza italiana nel mondo del verde design<\/h2>\n<p>Con progetti realizzati in Italia e all\u2019estero, <strong>Verde Profilo\u00ae<\/strong> rappresenta una realt\u00e0 di riferimento internazionale nel settore del verde tecnologico. La filosofia aziendale si fonda su tre pilastri: <strong>innovazione<\/strong>, <strong>sostenibilit\u00e0<\/strong> e <strong>artigianalit\u00e0<\/strong>.<\/p>\n<p>Ogni progetto nasce da un dialogo costante con professionisti del settore e si traduce in installazioni che uniscono materia naturale e precisione ingegneristica. Il risultato \u00e8 una nuova idea di spazio, in cui il verde non \u00e8 solo presente, ma vive e respira insieme all\u2019architettura.<\/p>\n<h2>Contatta Verde Profilo\u00ae e porta il verde nel tuo prossimo progetto<\/h2>\n<p><span style=\"color: #000000;\">Portare la natura nel cuore del design significa investire in <strong>spazi pi\u00f9 sani, belli e sostenibili.<\/strong> Con le sue <strong>soluzioni creative<\/strong>, <a style=\"color: #000000;\" href=\"https:\/\/verdeprofilo.com\/chi-siamo\/\"><strong>Verde Profilo\u00ae<\/strong><\/a> accompagna <strong>architetti<\/strong>, <strong>imprese e clienti privati<\/strong> in un percorso progettuale che trasforma ogni ambiente in un luogo di benessere e identit\u00e0.<\/span><\/p>\n<p><span style=\"color: #000000;\"><a style=\"color: #000000;\" href=\"https:\/\/verdeprofilo.com\/richiesta-preventivo\/\"><strong>Richiedi una consulenza personalizzata<\/strong><\/a> per il tuo prossimo progetto di architettura naturale.<\/span><\/p>\n","protected":false},"excerpt":{"rendered":"<p>Nel panorama del design contemporaneo, il concetto di spazio \u00e8 in continua evoluzione. Architetti e progettisti cercano oggi soluzioni che uniscono funzionalit\u00e0, estetica e sostenibilit\u00e0, portando la natura a dialogare con l\u2019architettura. \u00c8 in questo contesto che nasce e si afferma Verde Profilo\u00ae, un\u2019eccellenza tutta italiana che da oltre quindici anni sviluppa soluzioni creative per [&hellip;]<\/p>\n","protected":false},"author":1,"featured_media":3628,"comment_status":"closed","ping_status":"closed","sticky":false,"template":"","format":"standard","meta":{"_acf_changed":false,"footnotes":""},"categories":[16],"tags":[],"class_list":["post-3627","post","type-post","status-publish","format-standard","has-post-thumbnail","hentry","category-blog"],"acf":[],"yoast_head":"<!-- This site is optimized with the Yoast SEO plugin v26.9 - https:\/\/yoast.com\/product\/yoast-seo-wordpress\/ -->\n<title>Verde Profilo\u00ae: l\u2019azienda italiana che porta il verde nel futuro degli spazi<\/title>\n<meta name=\"description\" content=\"Nel panorama del design contemporaneo, il concetto di spazio \u00e8 in continua evoluzione. Architetti e progettisti cercano oggi soluzioni che uniscono funzionalit\u00e0, estetica e sostenibilit\u00e0, portando la natura a dialogare con l\u2019architettura.\" \/>\n<meta name=\"robots\" content=\"noindex, follow, max-snippet:-1, max-image-preview:large, max-video-preview:-1\" \/>\n<meta property=\"og:locale\" content=\"it_IT\" \/>\n<meta property=\"og:type\" content=\"article\" \/>\n<meta property=\"og:title\" content=\"Verde Profilo\u00ae: l\u2019azienda italiana che porta il verde nel futuro degli spazi\" \/>\n<meta property=\"og:description\" content=\"Nel panorama del design contemporaneo, il concetto di spazio \u00e8 in continua evoluzione. Architetti e progettisti cercano oggi soluzioni che uniscono funzionalit\u00e0, estetica e sostenibilit\u00e0, portando la natura a dialogare con l\u2019architettura.\" \/>\n<meta property=\"og:url\" content=\"https:\/\/server5.keti-test.it\/Verdeprofilo\/verde-profilo-lazienda-italiana-che-porta-il-verde-nel-futuro-degli-spazi\/\" \/>\n<meta property=\"og:site_name\" content=\"VerdeProfilo\u00ae\" \/>\n<meta property=\"article:published_time\" content=\"2025-11-12T15:51:25+00:00\" \/>\n<meta property=\"article:modified_time\" content=\"2026-01-19T14:32:39+00:00\" \/>\n<meta property=\"og:image\" content=\"https:\/\/server5.keti-test.it\/Verdeprofilo\/wp-content\/uploads\/2025\/12\/Bush_sito_1-1.jpg\" \/>\n\t<meta property=\"og:image:width\" content=\"1200\" \/>\n\t<meta property=\"og:image:height\" content=\"600\" \/>\n\t<meta property=\"og:image:type\" content=\"image\/jpeg\" \/>\n<meta name=\"author\" content=\"admin\" \/>\n<meta name=\"twitter:card\" content=\"summary_large_image\" \/>\n<meta name=\"twitter:label1\" content=\"Scritto da\" \/>\n\t<meta name=\"twitter:data1\" content=\"admin\" \/>\n\t<meta name=\"twitter:label2\" content=\"Tempo di lettura stimato\" \/>\n\t<meta name=\"twitter:data2\" content=\"4 minuti\" \/>\n<script type=\"application\/ld+json\" class=\"yoast-schema-graph\">{\"@context\":\"https:\/\/schema.org\",\"@graph\":[{\"@type\":\"Article\",\"@id\":\"https:\/\/server5.keti-test.it\/Verdeprofilo\/verde-profilo-lazienda-italiana-che-porta-il-verde-nel-futuro-degli-spazi\/#article\",\"isPartOf\":{\"@id\":\"https:\/\/server5.keti-test.it\/Verdeprofilo\/verde-profilo-lazienda-italiana-che-porta-il-verde-nel-futuro-degli-spazi\/\"},\"author\":{\"name\":\"admin\",\"@id\":\"https:\/\/server5.keti-test.it\/Verdeprofilo\/#\/schema\/person\/5216cde0280e3af175f312994dc099ab\"},\"headline\":\"Verde Profilo\u00ae: l\u2019azienda italiana che porta il verde nel futuro degli spazi\",\"datePublished\":\"2025-11-12T15:51:25+00:00\",\"dateModified\":\"2026-01-19T14:32:39+00:00\",\"mainEntityOfPage\":{\"@id\":\"https:\/\/server5.keti-test.it\/Verdeprofilo\/verde-profilo-lazienda-italiana-che-porta-il-verde-nel-futuro-degli-spazi\/\"},\"wordCount\":648,\"image\":{\"@id\":\"https:\/\/server5.keti-test.it\/Verdeprofilo\/verde-profilo-lazienda-italiana-che-porta-il-verde-nel-futuro-degli-spazi\/#primaryimage\"},\"thumbnailUrl\":\"https:\/\/server5.keti-test.it\/Verdeprofilo\/wp-content\/uploads\/2025\/12\/Bush_sito_1-1.jpg\",\"articleSection\":[\"Blog\"],\"inLanguage\":\"it-IT\"},{\"@type\":\"WebPage\",\"@id\":\"https:\/\/server5.keti-test.it\/Verdeprofilo\/verde-profilo-lazienda-italiana-che-porta-il-verde-nel-futuro-degli-spazi\/\",\"url\":\"https:\/\/server5.keti-test.it\/Verdeprofilo\/verde-profilo-lazienda-italiana-che-porta-il-verde-nel-futuro-degli-spazi\/\",\"name\":\"Verde Profilo\u00ae: l\u2019azienda italiana che porta il verde nel futuro degli spazi\",\"isPartOf\":{\"@id\":\"https:\/\/server5.keti-test.it\/Verdeprofilo\/#website\"},\"primaryImageOfPage\":{\"@id\":\"https:\/\/server5.keti-test.it\/Verdeprofilo\/verde-profilo-lazienda-italiana-che-porta-il-verde-nel-futuro-degli-spazi\/#primaryimage\"},\"image\":{\"@id\":\"https:\/\/server5.keti-test.it\/Verdeprofilo\/verde-profilo-lazienda-italiana-che-porta-il-verde-nel-futuro-degli-spazi\/#primaryimage\"},\"thumbnailUrl\":\"https:\/\/server5.keti-test.it\/Verdeprofilo\/wp-content\/uploads\/2025\/12\/Bush_sito_1-1.jpg\",\"datePublished\":\"2025-11-12T15:51:25+00:00\",\"dateModified\":\"2026-01-19T14:32:39+00:00\",\"author\":{\"@id\":\"https:\/\/server5.keti-test.it\/Verdeprofilo\/#\/schema\/person\/5216cde0280e3af175f312994dc099ab\"},\"description\":\"Nel panorama del design contemporaneo, il concetto di spazio \u00e8 in continua evoluzione. Architetti e progettisti cercano oggi soluzioni che uniscono funzionalit\u00e0, estetica e sostenibilit\u00e0, portando la natura a dialogare con l\u2019architettura.\",\"breadcrumb\":{\"@id\":\"https:\/\/server5.keti-test.it\/Verdeprofilo\/verde-profilo-lazienda-italiana-che-porta-il-verde-nel-futuro-degli-spazi\/#breadcrumb\"},\"inLanguage\":\"it-IT\",\"potentialAction\":[{\"@type\":\"ReadAction\",\"target\":[\"https:\/\/server5.keti-test.it\/Verdeprofilo\/verde-profilo-lazienda-italiana-che-porta-il-verde-nel-futuro-degli-spazi\/\"]}]},{\"@type\":\"ImageObject\",\"inLanguage\":\"it-IT\",\"@id\":\"https:\/\/server5.keti-test.it\/Verdeprofilo\/verde-profilo-lazienda-italiana-che-porta-il-verde-nel-futuro-degli-spazi\/#primaryimage\",\"url\":\"https:\/\/server5.keti-test.it\/Verdeprofilo\/wp-content\/uploads\/2025\/12\/Bush_sito_1-1.jpg\",\"contentUrl\":\"https:\/\/server5.keti-test.it\/Verdeprofilo\/wp-content\/uploads\/2025\/12\/Bush_sito_1-1.jpg\",\"width\":1200,\"height\":600},{\"@type\":\"BreadcrumbList\",\"@id\":\"https:\/\/server5.keti-test.it\/Verdeprofilo\/verde-profilo-lazienda-italiana-che-porta-il-verde-nel-futuro-degli-spazi\/#breadcrumb\",\"itemListElement\":[{\"@type\":\"ListItem\",\"position\":1,\"name\":\"Home\",\"item\":\"https:\/\/server5.keti-test.it\/Verdeprofilo\/\"},{\"@type\":\"ListItem\",\"position\":2,\"name\":\"Verde Profilo\u00ae: l\u2019azienda italiana che porta il verde nel futuro degli spazi\"}]},{\"@type\":\"WebSite\",\"@id\":\"https:\/\/server5.keti-test.it\/Verdeprofilo\/#website\",\"url\":\"https:\/\/server5.keti-test.it\/Verdeprofilo\/\",\"name\":\"VerdeProfilo\u00ae\",\"description\":\"\",\"potentialAction\":[{\"@type\":\"SearchAction\",\"target\":{\"@type\":\"EntryPoint\",\"urlTemplate\":\"https:\/\/server5.keti-test.it\/Verdeprofilo\/?s={search_term_string}\"},\"query-input\":{\"@type\":\"PropertyValueSpecification\",\"valueRequired\":true,\"valueName\":\"search_term_string\"}}],\"inLanguage\":\"it-IT\"},{\"@type\":\"Person\",\"@id\":\"https:\/\/server5.keti-test.it\/Verdeprofilo\/#\/schema\/person\/5216cde0280e3af175f312994dc099ab\",\"name\":\"admin\",\"image\":{\"@type\":\"ImageObject\",\"inLanguage\":\"it-IT\",\"@id\":\"https:\/\/server5.keti-test.it\/Verdeprofilo\/#\/schema\/person\/image\/\",\"url\":\"https:\/\/secure.gravatar.com\/avatar\/da8f9f0dd59242e09231a957f71e080dc61375f85226b9e6d8fa340f59f84a94?s=96&d=mm&r=g\",\"contentUrl\":\"https:\/\/secure.gravatar.com\/avatar\/da8f9f0dd59242e09231a957f71e080dc61375f85226b9e6d8fa340f59f84a94?s=96&d=mm&r=g\",\"caption\":\"admin\"},\"sameAs\":[\"https:\/\/server5.keti-test.it\/Verdeprofilo\"],\"url\":\"https:\/\/server5.keti-test.it\/Verdeprofilo\/author\/verdeprofiloadmin\/\"}]}<\/script>\n<!-- \/ Yoast SEO plugin. -->","yoast_head_json":{"title":"Verde Profilo\u00ae: l\u2019azienda italiana che porta il verde nel futuro degli spazi","description":"Nel panorama del design contemporaneo, il concetto di spazio \u00e8 in continua evoluzione. Architetti e progettisti cercano oggi soluzioni che uniscono funzionalit\u00e0, estetica e sostenibilit\u00e0, portando la natura a dialogare con l\u2019architettura.","robots":{"index":"noindex","follow":"follow","max-snippet":"max-snippet:-1","max-image-preview":"max-image-preview:large","max-video-preview":"max-video-preview:-1"},"og_locale":"it_IT","og_type":"article","og_title":"Verde Profilo\u00ae: l\u2019azienda italiana che porta il verde nel futuro degli spazi","og_description":"Nel panorama del design contemporaneo, il concetto di spazio \u00e8 in continua evoluzione. Architetti e progettisti cercano oggi soluzioni che uniscono funzionalit\u00e0, estetica e sostenibilit\u00e0, portando la natura a dialogare con l\u2019architettura.","og_url":"https:\/\/server5.keti-test.it\/Verdeprofilo\/verde-profilo-lazienda-italiana-che-porta-il-verde-nel-futuro-degli-spazi\/","og_site_name":"VerdeProfilo\u00ae","article_published_time":"2025-11-12T15:51:25+00:00","article_modified_time":"2026-01-19T14:32:39+00:00","og_image":[{"width":1200,"height":600,"url":"https:\/\/server5.keti-test.it\/Verdeprofilo\/wp-content\/uploads\/2025\/12\/Bush_sito_1-1.jpg","type":"image\/jpeg"}],"author":"admin","twitter_card":"summary_large_image","twitter_misc":{"Scritto da":"admin","Tempo di lettura stimato":"4 minuti"},"schema":{"@context":"https:\/\/schema.org","@graph":[{"@type":"Article","@id":"https:\/\/server5.keti-test.it\/Verdeprofilo\/verde-profilo-lazienda-italiana-che-porta-il-verde-nel-futuro-degli-spazi\/#article","isPartOf":{"@id":"https:\/\/server5.keti-test.it\/Verdeprofilo\/verde-profilo-lazienda-italiana-che-porta-il-verde-nel-futuro-degli-spazi\/"},"author":{"name":"admin","@id":"https:\/\/server5.keti-test.it\/Verdeprofilo\/#\/schema\/person\/5216cde0280e3af175f312994dc099ab"},"headline":"Verde Profilo\u00ae: l\u2019azienda italiana che porta il verde nel futuro degli spazi","datePublished":"2025-11-12T15:51:25+00:00","dateModified":"2026-01-19T14:32:39+00:00","mainEntityOfPage":{"@id":"https:\/\/server5.keti-test.it\/Verdeprofilo\/verde-profilo-lazienda-italiana-che-porta-il-verde-nel-futuro-degli-spazi\/"},"wordCount":648,"image":{"@id":"https:\/\/server5.keti-test.it\/Verdeprofilo\/verde-profilo-lazienda-italiana-che-porta-il-verde-nel-futuro-degli-spazi\/#primaryimage"},"thumbnailUrl":"https:\/\/server5.keti-test.it\/Verdeprofilo\/wp-content\/uploads\/2025\/12\/Bush_sito_1-1.jpg","articleSection":["Blog"],"inLanguage":"it-IT"},{"@type":"WebPage","@id":"https:\/\/server5.keti-test.it\/Verdeprofilo\/verde-profilo-lazienda-italiana-che-porta-il-verde-nel-futuro-degli-spazi\/","url":"https:\/\/server5.keti-test.it\/Verdeprofilo\/verde-profilo-lazienda-italiana-che-porta-il-verde-nel-futuro-degli-spazi\/","name":"Verde Profilo\u00ae: l\u2019azienda italiana che porta il verde nel futuro degli spazi","isPartOf":{"@id":"https:\/\/server5.keti-test.it\/Verdeprofilo\/#website"},"primaryImageOfPage":{"@id":"https:\/\/server5.keti-test.it\/Verdeprofilo\/verde-profilo-lazienda-italiana-che-porta-il-verde-nel-futuro-degli-spazi\/#primaryimage"},"image":{"@id":"https:\/\/server5.keti-test.it\/Verdeprofilo\/verde-profilo-lazienda-italiana-che-porta-il-verde-nel-futuro-degli-spazi\/#primaryimage"},"thumbnailUrl":"https:\/\/server5.keti-test.it\/Verdeprofilo\/wp-content\/uploads\/2025\/12\/Bush_sito_1-1.jpg","datePublished":"2025-11-12T15:51:25+00:00","dateModified":"2026-01-19T14:32:39+00:00","author":{"@id":"https:\/\/server5.keti-test.it\/Verdeprofilo\/#\/schema\/person\/5216cde0280e3af175f312994dc099ab"},"description":"Nel panorama del design contemporaneo, il concetto di spazio \u00e8 in continua evoluzione. Architetti e progettisti cercano oggi soluzioni che uniscono funzionalit\u00e0, estetica e sostenibilit\u00e0, portando la natura a dialogare con l\u2019architettura.","breadcrumb":{"@id":"https:\/\/server5.keti-test.it\/Verdeprofilo\/verde-profilo-lazienda-italiana-che-porta-il-verde-nel-futuro-degli-spazi\/#breadcrumb"},"inLanguage":"it-IT","potentialAction":[{"@type":"ReadAction","target":["https:\/\/server5.keti-test.it\/Verdeprofilo\/verde-profilo-lazienda-italiana-che-porta-il-verde-nel-futuro-degli-spazi\/"]}]},{"@type":"ImageObject","inLanguage":"it-IT","@id":"https:\/\/server5.keti-test.it\/Verdeprofilo\/verde-profilo-lazienda-italiana-che-porta-il-verde-nel-futuro-degli-spazi\/#primaryimage","url":"https:\/\/server5.keti-test.it\/Verdeprofilo\/wp-content\/uploads\/2025\/12\/Bush_sito_1-1.jpg","contentUrl":"https:\/\/server5.keti-test.it\/Verdeprofilo\/wp-content\/uploads\/2025\/12\/Bush_sito_1-1.jpg","width":1200,"height":600},{"@type":"BreadcrumbList","@id":"https:\/\/server5.keti-test.it\/Verdeprofilo\/verde-profilo-lazienda-italiana-che-porta-il-verde-nel-futuro-degli-spazi\/#breadcrumb","itemListElement":[{"@type":"ListItem","position":1,"name":"Home","item":"https:\/\/server5.keti-test.it\/Verdeprofilo\/"},{"@type":"ListItem","position":2,"name":"Verde Profilo\u00ae: l\u2019azienda italiana che porta il verde nel futuro degli spazi"}]},{"@type":"WebSite","@id":"https:\/\/server5.keti-test.it\/Verdeprofilo\/#website","url":"https:\/\/server5.keti-test.it\/Verdeprofilo\/","name":"VerdeProfilo\u00ae","description":"","potentialAction":[{"@type":"SearchAction","target":{"@type":"EntryPoint","urlTemplate":"https:\/\/server5.keti-test.it\/Verdeprofilo\/?s={search_term_string}"},"query-input":{"@type":"PropertyValueSpecification","valueRequired":true,"valueName":"search_term_string"}}],"inLanguage":"it-IT"},{"@type":"Person","@id":"https:\/\/server5.keti-test.it\/Verdeprofilo\/#\/schema\/person\/5216cde0280e3af175f312994dc099ab","name":"admin","image":{"@type":"ImageObject","inLanguage":"it-IT","@id":"https:\/\/server5.keti-test.it\/Verdeprofilo\/#\/schema\/person\/image\/","url":"https:\/\/secure.gravatar.com\/avatar\/da8f9f0dd59242e09231a957f71e080dc61375f85226b9e6d8fa340f59f84a94?s=96&d=mm&r=g","contentUrl":"https:\/\/secure.gravatar.com\/avatar\/da8f9f0dd59242e09231a957f71e080dc61375f85226b9e6d8fa340f59f84a94?s=96&d=mm&r=g","caption":"admin"},"sameAs":["https:\/\/server5.keti-test.it\/Verdeprofilo"],"url":"https:\/\/server5.keti-test.it\/Verdeprofilo\/author\/verdeprofiloadmin\/"}]}},"_links":{"self":[{"href":"https:\/\/server5.keti-test.it\/Verdeprofilo\/wp-json\/wp\/v2\/posts\/3627","targetHints":{"allow":["GET"]}}],"collection":[{"href":"https:\/\/server5.keti-test.it\/Verdeprofilo\/wp-json\/wp\/v2\/posts"}],"about":[{"href":"https:\/\/server5.keti-test.it\/Verdeprofilo\/wp-json\/wp\/v2\/types\/post"}],"author":[{"embeddable":true,"href":"https:\/\/server5.keti-test.it\/Verdeprofilo\/wp-json\/wp\/v2\/users\/1"}],"replies":[{"embeddable":true,"href":"https:\/\/server5.keti-test.it\/Verdeprofilo\/wp-json\/wp\/v2\/comments?post=3627"}],"version-history":[{"count":3,"href":"https:\/\/server5.keti-test.it\/Verdeprofilo\/wp-json\/wp\/v2\/posts\/3627\/revisions"}],"predecessor-version":[{"id":5624,"href":"https:\/\/server5.keti-test.it\/Verdeprofilo\/wp-json\/wp\/v2\/posts\/3627\/revisions\/5624"}],"wp:featuredmedia":[{"embeddable":true,"href":"https:\/\/server5.keti-test.it\/Verdeprofilo\/wp-json\/wp\/v2\/media\/3628"}],"wp:attachment":[{"href":"https:\/\/server5.keti-test.it\/Verdeprofilo\/wp-json\/wp\/v2\/media?parent=3627"}],"wp:term":[{"taxonomy":"category","embeddable":true,"href":"https:\/\/server5.keti-test.it\/Verdeprofilo\/wp-json\/wp\/v2\/categories?post=3627"},{"taxonomy":"post_tag","embeddable":true,"href":"https:\/\/server5.keti-test.it\/Verdeprofilo\/wp-json\/wp\/v2\/tags?post=3627"}],"curies":[{"name":"wp","href":"https:\/\/api.w.org\/{rel}","templated":true}]}}